{"id":1509,"date":"2022-09-01T12:18:00","date_gmt":"2022-09-01T10:18:00","guid":{"rendered":"https:\/\/www.helcesa.com\/?p=1509"},"modified":"2024-09-02T08:16:57","modified_gmt":"2024-09-02T06:16:57","slug":"feria-fic-guijuelo-2022","status":"publish","type":"post","link":"https:\/\/www.helcesa.com\/en\/eventos-ferias\/feria-fic-guijuelo-2022\/","title":{"rendered":"Feria FIC Guijuelo 2022"},"content":{"rendered":"\n<p>Despu\u00e9s de cuatro a\u00f1os, volvemos a estar presentes una vez m\u00e1s en la feria FIC Guijuelo, nuestra feria.<\/p>\n\n\n\n<p>Tras pasar unos a\u00f1os dif\u00edciles con acontecimientos hist\u00f3ricos como la pandemia Covid-19, que propici\u00f3 el aplazamiento del evento el pasado a\u00f1o 2021, afrontamos con muchas ganas los preparativos para estar presentes en la vig\u00e9sima edici\u00f3n celebrada los d\u00edas 14 a 17 de junio 2022.<\/p>\n\n\n\n<p>En esta ocasi\u00f3n decidimos actualizar la est\u00e9tica y decoraci\u00f3n, a\u00f1adiendo elementos de dise\u00f1o innovadores sin perder la esencia de nuestra identidad.<\/p>\n\n\n\n<p>El nuevo p\u00f3rtico y cuadros de luces combinado con los colores rojo, gris y blanco fueron la base principal del escaparate de todos los productos y servicios que ofrece nuestra empresa completando una exposici\u00f3n de productos a escala real as\u00ed como un amplio porfolio de fotograf\u00edas estampadas en cuadros de lona, pantallas led y vinilos rotulados a lo largo de todo el stand.<\/p>\n\n\n\n<p>Toda esta puesta en escena gener\u00f3 ese agradable y acogedor clima que nos caracteriza y que nuestros comerciales complementaron con su atenci\u00f3n, entrega y plena disposici\u00f3n a todos nuestros clientes, amigos y visitantes.<\/p>\n\n\n\n<p>El desarrollo de la feria fue muy positivo, la afluencia y el p\u00fablico visitante fue abundante durante todas sus jornadas. \u00c9sto facilit\u00f3 las posibilidades de nuevos proyectos y negocios a pesar de que el momento coyuntural no acompa\u00f1aba. Digamos que todos los factores externos que envuelven a nuestro sector no fueron los m\u00e1s adecuados para dar pie a grandes expectativas.<\/p>\n\n\n\n<p>Como resultado destacable, nos quedamos con la calurosa sensaci\u00f3n de sentirnos arropados y rodeados de grandes empresas y carism\u00e1ticas personas que las representan, con las cuales llevamos una larga trayectoria de colaboraci\u00f3n durante muchos a\u00f1os.<\/p>\n\n\n\n<p>Si hay algo que diferencia y caracteriza a \u00e9sta feria sobre el resto, es precisamente eso, la cercan\u00eda, la amistad y el trato que nos permite dar y recibir, gracias a la din\u00e1mica de desarrollo que la organizaci\u00f3n de la feria tiene instaurada y gracias tambi\u00e9n a esta gran localidad que consideramos nuestra casa, GUIJUELO!<\/p>\n\n\n\n<p>Os esperamos en la pr\u00f3xima edici\u00f3n!!<\/p>\n\n\n\n<p> <\/p>\n","protected":false},"excerpt":{"rendered":"<p>Despu\u00e9s de cuatro a\u00f1os, volvemos a estar presentes una vez m\u00e1s en la feria FIC Guijuelo, nuestra feria. Tras pasar unos a\u00f1os dif\u00edciles con acontecimientos hist\u00f3ricos como la pandemia Covid-19, que propici\u00f3 el aplazamiento del evento el pasado a\u00f1o 2021, afrontamos con muchas ganas los preparativos para estar presentes en la vig\u00e9sima edici\u00f3n celebrada los &hellip; <\/p>\n<p class=\"link-more\"><a href=\"https:\/\/www.helcesa.com\/en\/eventos-ferias\/feria-fic-guijuelo-2022\/\" class=\"more-link\">Continue reading<span class=\"screen-reader-text\"> &#8220;Feria FIC Guijuelo 2022&#8221;<\/span><\/a><\/p>\n","protected":false},"author":1,"featured_media":1510,"comment_status":"open","ping_status":"closed","sticky":false,"template":"","format":"standard","meta":[],"categories":[28],"tags":[],"acf":[],"_links":{"self":[{"href":"https:\/\/www.helcesa.com\/en\/wp-json\/wp\/v2\/posts\/1509"}],"collection":[{"href":"https:\/\/www.helcesa.com\/en\/wp-json\/wp\/v2\/posts"}],"about":[{"href":"https:\/\/www.helcesa.com\/en\/wp-json\/wp\/v2\/types\/post"}],"author":[{"embeddable":true,"href":"https:\/\/www.helcesa.com\/en\/wp-json\/wp\/v2\/users\/1"}],"replies":[{"embeddable":true,"href":"https:\/\/www.helcesa.com\/en\/wp-json\/wp\/v2\/comments?post=1509"}],"version-history":[{"count":1,"href":"https:\/\/www.helcesa.com\/en\/wp-json\/wp\/v2\/posts\/1509\/revisions"}],"predecessor-version":[{"id":1512,"href":"https:\/\/www.helcesa.com\/en\/wp-json\/wp\/v2\/posts\/1509\/revisions\/1512"}],"wp:featuredmedia":[{"embeddable":true,"href":"https:\/\/www.helcesa.com\/en\/wp-json\/wp\/v2\/media\/1510"}],"wp:attachment":[{"href":"https:\/\/www.helcesa.com\/en\/wp-json\/wp\/v2\/media?parent=1509"}],"wp:term":[{"taxonomy":"category","embeddable":true,"href":"https:\/\/www.helcesa.com\/en\/wp-json\/wp\/v2\/categories?post=1509"},{"taxonomy":"post_tag","embeddable":true,"href":"https:\/\/www.helcesa.com\/en\/wp-json\/wp\/v2\/tags?post=1509"}],"curies":[{"name":"wp","href":"https:\/\/api.w.org\/{rel}","templated":true}]}}